{"id":28984,"date":"2026-08-10T10:20:05","date_gmt":"2026-08-10T10:20:05","guid":{"rendered":"https:\/\/lucas-filmfestival.de\/panel-discussion-child-welfare-in-cinema-between-art-protection-and-mediation\/"},"modified":"2026-08-28T09:58:38","modified_gmt":"2026-08-28T09:58:38","slug":"panel-discussion-2026","status":"publish","type":"post","link":"https:\/\/lucas-filmfestival.de\/en\/panel-discussion-2026\/","title":{"rendered":"Panel discussion: Child welfare in cinema between art, protection and mediation"},"content":{"rendered":"<div class=\"wpb-content-wrapper\"><p>[vc_section css=\u201d.vc_custom_1713515493288{background-color: #ffffff !important;}\u201d][vc_row css=\u201d.vc_custom_1713515453780{margin-left: \u201114px !important;background-color: #ffffff !important;}\u201d][vc_column][vc_single_image image=\u201c27884\u201d img_size=\u201c1920x1080\u201d alignment=\u201ccenter\u201d][vc_column_text css=\u201d.vc_custom_1787911110754{margin-left: \u20114px !important;}\u201d]<strong>When: WED, Sept. 30 | 3.30 p.m.<br>\nWhere: DFF Cinema and online&nbsp;<\/strong><\/p>\n<p>Registration: lucas-welcome@dff.film<br>\nSubject: \u201cPanel Kindeswohl<\/p>\n<p style=\"text-align: justify;\">How much pro\u00adtec\u00adtion do young peo\u00adp\u00adle need at the cinema\u2014and how much can films ask of them? And con\u00adver\u00adse\u00adly, what does a film\u2019s artis\u00adtic visi\u00adon demand of its audi\u00adence? These ten\u00adsi\u00adons are at the heart of the panel dis\u00adcus\u00adsion, which is expli\u00adcit\u00adly aimed at tea\u00adchers, peo\u00adp\u00adle working in film edu\u00adca\u00adti\u00adon, and filmmakers.<br>\nMichael Schmidt, Permanent Representative of the Obersten Landesjugendbeh\u00f6rden at the Freiwillige Selbstkontrolle, dis\u00adcus\u00adses the role of the FSK: How and on what legal basis are age ratings deter\u00admi\u00adned? The focus is pri\u00adma\u00adri\u00adly on asses\u00adsing poten\u00adti\u00adal risks for young audi\u00aden\u00adces. In film edu\u00adca\u00adti\u00adon work, it is more important to con\u00adsider who a film is actual\u00adly addres\u00adsed to and which age group the chal\u00adlenges it pres\u00adents are sui\u00adta\u00adble for. Film edu\u00adca\u00adtor and jour\u00adna\u00adlist Stefan Stiletto explains which ques\u00adti\u00adons are rele\u00advant for an edu\u00adca\u00adtio\u00adnal age recom\u00admen\u00adda\u00adti\u00adon. To pro\u00advi\u00adde insight into the artis\u00adtic per\u00adspec\u00adti\u00adve, film\u00adma\u00adkers of the com\u00adpe\u00adti\u00adti\u00adon films are invi\u00adted. Which tar\u00adget audi\u00adence should be addres\u00adsed, and what con\u00adside\u00adra\u00adti\u00adons influen\u00adced the decisions?<br>\nAfter short intro\u00adduc\u00adto\u00adry talks, excerp\u00adts from com\u00adpe\u00adti\u00adti\u00adon films <a href=\"https:\/\/lucas-filmfestival.de\/en\/film-2026\/my-sisters-sandal\/\">MY SISTER\u2019S SANDAL <\/a>(DE 2026. D: Semih Korhan G\u00fcner.) and <a href=\"https:\/\/lucas-filmfestival.de\/en\/film-2026\/the-corkscrew\/\">THE CORKSCREW<\/a>&nbsp; (NO 2026. D: Torfinn Iversen.) will be view\u00aded and discussed.<\/p>\n<p style=\"text-align: justify;\"><strong>Invited guests:<\/strong><br>\nMichael Schmidt (Permanent Representative of the Obersten Landesjugendbeh\u00f6rden at the Freiwilligen Selbstkontrolle), Stefan Stiletto (film edu\u00adca\u00adtor and jour\u00adna\u00adlist), Semih Korhan G\u00fcner (film maker), Torfinn Iversen (film&nbsp;maker)<\/p>\n<p style=\"text-align: justify;\">The dis\u00adcus\u00adsion will be held in German and simul\u00adta\u00adneous\u00adly translated.<\/p>\n<p>[\/vc_column_text][\/vc_column][\/vc_row][vc_row disable_element=\u201cyes\u201d css=\u201d.vc_custom_1724235850980{background-color: #ffffff !important;}\u201d][vc_column][vc_empty_space][vc_separator color=\u201cblack\u201d el_width=\u201c80\u201d][vc_column_text css=\u201d.vc_custom_1698163332336{margin-left: \u20114px !important;}\u201d]<\/p>\n<h4 style=\"text-align: center;\"><b>The recording of the panel is now available to watch on the LUCAS YouTube channel:<\/b><\/h4>\n<p>[\/vc_column_text][vc_video link=\u201chttps:\/\/www.youtube.com\/watch?v=nST-Vi9Xzbo\u201d][\/vc_column][\/vc_row][\/vc_section]<\/p>\n<\/div>","protected":false},"excerpt":{"rendered":"<p>When: WED, Sept. 30 | 3.30 p.m.<br>\nWhere: DFF Cinema&nbsp;<\/p>\n","protected":false},"author":39,"featured_media":0,"comment_status":"closed","ping_status":"closed","sticky":false,"template":"","format":"standard","meta":{"_lmt_disableupdate":"no","_lmt_disable":"no","wp_typography_post_enhancements_disabled":false,"site-sidebar-layout":"default","site-content-layout":"default","ast-site-content-layout":"default","site-content-style":"default","site-sidebar-style":"default","ast-global-header-display":"","ast-banner-title-visibility":"","ast-main-header-display":"","ast-hfb-above-header-display":"","ast-hfb-below-header-display":"","ast-hfb-mobile-header-display":"","site-post-title":"","ast-breadcrumbs-content":"","ast-featured-img":"","footer-sml-layout":"","ast-disable-related-posts":"","theme-transparent-header-meta":"default","adv-header-id-meta":"","stick-header-meta":"default","header-above-stick-meta":"","header-main-stick-meta":"","header-below-stick-meta":"","astra-migrate-meta-layouts":"set","ast-page-background-enabled":"default","ast-page-background-meta":{"desktop":{"background-color":"var(--ast-global-color-4)","background-image":"","background-repeat":"repeat","background-position":"center center","background-size":"auto","background-attachment":"scroll","background-type":"","background-media":"","overlay-type":"","overlay-color":"","overlay-opacity":"","overlay-gradient":""},"tablet":{"background-color":"","background-image":"","background-repeat":"repeat","background-position":"center center","background-size":"auto","background-attachment":"scroll","background-type":"","background-media":"","overlay-type":"","overlay-color":"","overlay-opacity":"","overlay-gradient":""},"mobile":{"background-color":"","background-image":"","background-repeat":"repeat","background-position":"center center","background-size":"auto","background-attachment":"scroll","background-type":"","background-media":"","overlay-type":"","overlay-color":"","overlay-opacity":"","overlay-gradient":""}},"ast-content-background-meta":{"desktop":{"background-color":"var(--ast-global-color-5)","background-image":"","background-repeat":"repeat","background-position":"center center","background-size":"auto","background-attachment":"scroll","background-type":"","background-media":"","overlay-type":"","overlay-color":"","overlay-opacity":"","overlay-gradient":""},"tablet":{"background-color":"var(--ast-global-color-5)","background-image":"","background-repeat":"repeat","background-position":"center center","background-size":"auto","background-attachment":"scroll","background-type":"","background-media":"","overlay-type":"","overlay-color":"","overlay-opacity":"","overlay-gradient":""},"mobile":{"background-color":"var(--ast-global-color-5)","background-image":"","background-repeat":"repeat","background-position":"center center","background-size":"auto","background-attachment":"scroll","background-type":"","background-media":"","overlay-type":"","overlay-color":"","overlay-opacity":"","overlay-gradient":""}},"footnotes":""},"categories":[149,457],"tags":[],"class_list":["post-28984","post","type-post","status-publish","format-standard","hentry","category-news","category-panel-en"],"yoast_head":"<!-- This site is optimized with the Yoast SEO plugin v28.1 - https:\/\/yoast.com\/product\/yoast-seo-wordpress\/ -->\n<title>Panel discussion: Child welfare in cinema between art, protection and mediation - LUCAS \u2013 Internationales Festival f\u00fcr junge Filmfans<\/title>\n<meta name=\"description\" content=\"Panel discussion at the 49th LUCAS Film Festival: September 24 through October 1, 2026, in theaters in Frankfurt, Offenbach, Wiesbaden, and Bad Homburg.\" \/>\n<meta name=\"robots\" content=\"index, follow, max-snippet:-1, max-image-preview:large, max-video-preview:-1\" \/>\n<link rel=\"canonical\" href=\"https:\/\/lucas-filmfestival.de\/en\/panel-discussion-2026\/\" \/>\n<meta property=\"og:locale\" content=\"en_US\" \/>\n<meta property=\"og:type\" content=\"article\" \/>\n<meta property=\"og:title\" content=\"Panel discussion: Child welfare in cinema between art, protection and mediation - LUCAS \u2013 Internationales Festival f\u00fcr junge Filmfans\" \/>\n<meta property=\"og:description\" content=\"Panel discussion at the 49th LUCAS Film Festival: September 24 through October 1, 2026, in theaters in Frankfurt, Offenbach, Wiesbaden, and Bad Homburg.\" \/>\n<meta property=\"og:url\" content=\"https:\/\/lucas-filmfestival.de\/en\/panel-discussion-2026\/\" \/>\n<meta property=\"og:site_name\" content=\"LUCAS \u2013 Internationales Festival f\u00fcr junge Filmfans\" \/>\n<meta property=\"article:published_time\" content=\"2026-08-10T10:20:05+00:00\" \/>\n<meta property=\"article:modified_time\" content=\"2026-08-28T09:58:38+00:00\" \/>\n<meta name=\"author\" content=\"Emilia Weckop\" \/>\n<meta name=\"twitter:card\" content=\"summary_large_image\" \/>\n<meta name=\"twitter:label1\" content=\"Written by\" \/>\n\t<meta name=\"twitter:data1\" content=\"Emilia Weckop\" \/>\n\t<meta name=\"twitter:label2\" content=\"Est. reading time\" \/>\n\t<meta name=\"twitter:data2\" content=\"2 minutes\" \/>\n<script type=\"application\/ld+json\" class=\"yoast-schema-graph\">{\"@context\":\"https:\\\/\\\/schema.org\",\"@graph\":[{\"@type\":\"Article\",\"@id\":\"https:\\\/\\\/lucas-filmfestival.de\\\/en\\\/panel-discussion-2026\\\/#article\",\"isPartOf\":{\"@id\":\"https:\\\/\\\/lucas-filmfestival.de\\\/en\\\/panel-discussion-2026\\\/\"},\"author\":{\"name\":\"Emilia Weckop\",\"@id\":\"https:\\\/\\\/lucas-filmfestival.de\\\/en\\\/#\\\/schema\\\/person\\\/b0cf434e74befc1f10bd6c7c3196428c\"},\"headline\":\"Panel discussion: Child welfare in cinema between art, protection and mediation\",\"datePublished\":\"2026-08-10T10:20:05+00:00\",\"dateModified\":\"2026-08-28T09:58:38+00:00\",\"mainEntityOfPage\":{\"@id\":\"https:\\\/\\\/lucas-filmfestival.de\\\/en\\\/panel-discussion-2026\\\/\"},\"wordCount\":378,\"publisher\":{\"@id\":\"https:\\\/\\\/lucas-filmfestival.de\\\/en\\\/#organization\"},\"articleSection\":[\"News\",\"Panel\"],\"inLanguage\":\"en-US\"},{\"@type\":\"WebPage\",\"@id\":\"https:\\\/\\\/lucas-filmfestival.de\\\/en\\\/panel-discussion-2026\\\/\",\"url\":\"https:\\\/\\\/lucas-filmfestival.de\\\/en\\\/panel-discussion-2026\\\/\",\"name\":\"Panel discussion: Child welfare in cinema between art, protection and mediation - LUCAS \u2013 Internationales Festival f\u00fcr junge Filmfans\",\"isPartOf\":{\"@id\":\"https:\\\/\\\/lucas-filmfestival.de\\\/en\\\/#website\"},\"datePublished\":\"2026-08-10T10:20:05+00:00\",\"dateModified\":\"2026-08-28T09:58:38+00:00\",\"description\":\"Panel discussion at the 49th LUCAS Film Festival: September 24 through October 1, 2026, in theaters in Frankfurt, Offenbach, Wiesbaden, and Bad Homburg.\",\"breadcrumb\":{\"@id\":\"https:\\\/\\\/lucas-filmfestival.de\\\/en\\\/panel-discussion-2026\\\/#breadcrumb\"},\"inLanguage\":\"en-US\",\"potentialAction\":[{\"@type\":\"ReadAction\",\"target\":[\"https:\\\/\\\/lucas-filmfestival.de\\\/en\\\/panel-discussion-2026\\\/\"]}]},{\"@type\":\"BreadcrumbList\",\"@id\":\"https:\\\/\\\/lucas-filmfestival.de\\\/en\\\/panel-discussion-2026\\\/#breadcrumb\",\"itemListElement\":[{\"@type\":\"ListItem\",\"position\":1,\"name\":\"Home\",\"item\":\"https:\\\/\\\/lucas-filmfestival.de\\\/en\\\/\"},{\"@type\":\"ListItem\",\"position\":2,\"name\":\"Panel discussion: Child welfare in cinema between art, protection and mediation\"}]},{\"@type\":\"WebSite\",\"@id\":\"https:\\\/\\\/lucas-filmfestival.de\\\/en\\\/#website\",\"url\":\"https:\\\/\\\/lucas-filmfestival.de\\\/en\\\/\",\"name\":\"LUCAS \u2013 Internationales Festival f\u00fcr junge Filmfans\",\"description\":\"Deutschlands \u00e4ltestes Filmfestival f\u00fcr junges Publikum. Das Programm richtet sich an alle von vier Jahren bis 18plus und pr\u00e4sentiert aktuelles internationales Filmschaffen \u2013 Spiel\u2011, Dokumentar\u2011, Animations- und Experimentalfilme. Herzst\u00fcck von LUCAS sind die Wettbewerbe in den Sektionen 8+, 13+ und 16+ | Youngsters.\",\"publisher\":{\"@id\":\"https:\\\/\\\/lucas-filmfestival.de\\\/en\\\/#organization\"},\"potentialAction\":[{\"@type\":\"SearchAction\",\"target\":{\"@type\":\"EntryPoint\",\"urlTemplate\":\"https:\\\/\\\/lucas-filmfestival.de\\\/en\\\/?s={search_term_string}\"},\"query-input\":{\"@type\":\"PropertyValueSpecification\",\"valueRequired\":true,\"valueName\":\"search_term_string\"}}],\"inLanguage\":\"en-US\"},{\"@type\":\"Organization\",\"@id\":\"https:\\\/\\\/lucas-filmfestival.de\\\/en\\\/#organization\",\"name\":\"LUCAS \u2013 Internationales Festival f\u00fcr junge Filmfans\",\"url\":\"https:\\\/\\\/lucas-filmfestival.de\\\/en\\\/\",\"logo\":{\"@type\":\"ImageObject\",\"inLanguage\":\"en-US\",\"@id\":\"https:\\\/\\\/lucas-filmfestival.de\\\/en\\\/#\\\/schema\\\/logo\\\/image\\\/\",\"url\":\"https:\\\/\\\/lucas-filmfestival.de\\\/medien\\\/2025\\\/05\\\/cropped-LucasLogo.jpg\",\"contentUrl\":\"https:\\\/\\\/lucas-filmfestival.de\\\/medien\\\/2025\\\/05\\\/cropped-LucasLogo.jpg\",\"width\":1090,\"height\":800,\"caption\":\"LUCAS \u2013 Internationales Festival f\u00fcr junge Filmfans\"},\"image\":{\"@id\":\"https:\\\/\\\/lucas-filmfestival.de\\\/en\\\/#\\\/schema\\\/logo\\\/image\\\/\"}},{\"@type\":\"Person\",\"@id\":\"https:\\\/\\\/lucas-filmfestival.de\\\/en\\\/#\\\/schema\\\/person\\\/b0cf434e74befc1f10bd6c7c3196428c\",\"name\":\"Emilia Weckop\",\"image\":{\"@type\":\"ImageObject\",\"inLanguage\":\"en-US\",\"@id\":\"https:\\\/\\\/secure.gravatar.com\\\/avatar\\\/fa700f583aaeb1a670899b2e14263e586f6043423af4bea698759ac202c65c4f?s=96&d=mm&r=g\",\"url\":\"https:\\\/\\\/secure.gravatar.com\\\/avatar\\\/fa700f583aaeb1a670899b2e14263e586f6043423af4bea698759ac202c65c4f?s=96&d=mm&r=g\",\"contentUrl\":\"https:\\\/\\\/secure.gravatar.com\\\/avatar\\\/fa700f583aaeb1a670899b2e14263e586f6043423af4bea698759ac202c65c4f?s=96&d=mm&r=g\",\"caption\":\"Emilia Weckop\"},\"url\":\"https:\\\/\\\/lucas-filmfestival.de\\\/en\\\/author\\\/eweckop\\\/\"}]}<\/script>\n<!-- \/ Yoast SEO plugin. -->","yoast_head_json":{"title":"Panel discussion: Child welfare in cinema between art, protection and mediation - LUCAS \u2013 Internationales Festival f\u00fcr junge Filmfans","description":"Panel discussion at the 49th LUCAS Film Festival: September 24 through October 1, 2026, in theaters in Frankfurt, Offenbach, Wiesbaden, and Bad Homburg.","robots":{"index":"index","follow":"follow","max-snippet":"max-snippet:-1","max-image-preview":"max-image-preview:large","max-video-preview":"max-video-preview:-1"},"canonical":"https:\/\/lucas-filmfestival.de\/en\/panel-discussion-2026\/","og_locale":"en_US","og_type":"article","og_title":"Panel discussion: Child welfare in cinema between art, protection and mediation - LUCAS \u2013 Internationales Festival f\u00fcr junge Filmfans","og_description":"Panel discussion at the 49th LUCAS Film Festival: September 24 through October 1, 2026, in theaters in Frankfurt, Offenbach, Wiesbaden, and Bad Homburg.","og_url":"https:\/\/lucas-filmfestival.de\/en\/panel-discussion-2026\/","og_site_name":"LUCAS \u2013 Internationales Festival f\u00fcr junge Filmfans","article_published_time":"2026-08-10T10:20:05+00:00","article_modified_time":"2026-08-28T09:58:38+00:00","author":"Emilia Weckop","twitter_card":"summary_large_image","twitter_misc":{"Written by":"Emilia Weckop","Est. reading time":"2 minutes"},"schema":{"@context":"https:\/\/schema.org","@graph":[{"@type":"Article","@id":"https:\/\/lucas-filmfestival.de\/en\/panel-discussion-2026\/#article","isPartOf":{"@id":"https:\/\/lucas-filmfestival.de\/en\/panel-discussion-2026\/"},"author":{"name":"Emilia Weckop","@id":"https:\/\/lucas-filmfestival.de\/en\/#\/schema\/person\/b0cf434e74befc1f10bd6c7c3196428c"},"headline":"Panel discussion: Child welfare in cinema between art, protection and mediation","datePublished":"2026-08-10T10:20:05+00:00","dateModified":"2026-08-28T09:58:38+00:00","mainEntityOfPage":{"@id":"https:\/\/lucas-filmfestival.de\/en\/panel-discussion-2026\/"},"wordCount":378,"publisher":{"@id":"https:\/\/lucas-filmfestival.de\/en\/#organization"},"articleSection":["News","Panel"],"inLanguage":"en-US"},{"@type":"WebPage","@id":"https:\/\/lucas-filmfestival.de\/en\/panel-discussion-2026\/","url":"https:\/\/lucas-filmfestival.de\/en\/panel-discussion-2026\/","name":"Panel discussion: Child welfare in cinema between art, protection and mediation - LUCAS \u2013 Internationales Festival f\u00fcr junge Filmfans","isPartOf":{"@id":"https:\/\/lucas-filmfestival.de\/en\/#website"},"datePublished":"2026-08-10T10:20:05+00:00","dateModified":"2026-08-28T09:58:38+00:00","description":"Panel discussion at the 49th LUCAS Film Festival: September 24 through October 1, 2026, in theaters in Frankfurt, Offenbach, Wiesbaden, and Bad Homburg.","breadcrumb":{"@id":"https:\/\/lucas-filmfestival.de\/en\/panel-discussion-2026\/#breadcrumb"},"inLanguage":"en-US","potentialAction":[{"@type":"ReadAction","target":["https:\/\/lucas-filmfestival.de\/en\/panel-discussion-2026\/"]}]},{"@type":"BreadcrumbList","@id":"https:\/\/lucas-filmfestival.de\/en\/panel-discussion-2026\/#breadcrumb","itemListElement":[{"@type":"ListItem","position":1,"name":"Home","item":"https:\/\/lucas-filmfestival.de\/en\/"},{"@type":"ListItem","position":2,"name":"Panel discussion: Child welfare in cinema between art, protection and mediation"}]},{"@type":"WebSite","@id":"https:\/\/lucas-filmfestival.de\/en\/#website","url":"https:\/\/lucas-filmfestival.de\/en\/","name":"LUCAS \u2013 Internationales Festival f\u00fcr junge Filmfans","description":"Deutschlands \u00e4ltestes Filmfestival f\u00fcr junges Publikum. Das Programm richtet sich an alle von vier Jahren bis 18plus und pr\u00e4sentiert aktuelles internationales Filmschaffen \u2013 Spiel\u2011, Dokumentar\u2011, Animations- und Experimentalfilme. Herzst\u00fcck von LUCAS sind die Wettbewerbe in den Sektionen 8+, 13+ und 16+ | Youngsters.","publisher":{"@id":"https:\/\/lucas-filmfestival.de\/en\/#organization"},"potentialAction":[{"@type":"SearchAction","target":{"@type":"EntryPoint","urlTemplate":"https:\/\/lucas-filmfestival.de\/en\/?s={search_term_string}"},"query-input":{"@type":"PropertyValueSpecification","valueRequired":true,"valueName":"search_term_string"}}],"inLanguage":"en-US"},{"@type":"Organization","@id":"https:\/\/lucas-filmfestival.de\/en\/#organization","name":"LUCAS \u2013 Internationales Festival f\u00fcr junge Filmfans","url":"https:\/\/lucas-filmfestival.de\/en\/","logo":{"@type":"ImageObject","inLanguage":"en-US","@id":"https:\/\/lucas-filmfestival.de\/en\/#\/schema\/logo\/image\/","url":"https:\/\/lucas-filmfestival.de\/medien\/2025\/05\/cropped-LucasLogo.jpg","contentUrl":"https:\/\/lucas-filmfestival.de\/medien\/2025\/05\/cropped-LucasLogo.jpg","width":1090,"height":800,"caption":"LUCAS \u2013 Internationales Festival f\u00fcr junge Filmfans"},"image":{"@id":"https:\/\/lucas-filmfestival.de\/en\/#\/schema\/logo\/image\/"}},{"@type":"Person","@id":"https:\/\/lucas-filmfestival.de\/en\/#\/schema\/person\/b0cf434e74befc1f10bd6c7c3196428c","name":"Emilia Weckop","image":{"@type":"ImageObject","inLanguage":"en-US","@id":"https:\/\/secure.gravatar.com\/avatar\/fa700f583aaeb1a670899b2e14263e586f6043423af4bea698759ac202c65c4f?s=96&d=mm&r=g","url":"https:\/\/secure.gravatar.com\/avatar\/fa700f583aaeb1a670899b2e14263e586f6043423af4bea698759ac202c65c4f?s=96&d=mm&r=g","contentUrl":"https:\/\/secure.gravatar.com\/avatar\/fa700f583aaeb1a670899b2e14263e586f6043423af4bea698759ac202c65c4f?s=96&d=mm&r=g","caption":"Emilia Weckop"},"url":"https:\/\/lucas-filmfestival.de\/en\/author\/eweckop\/"}]}},"modified_by":"Anna Gabriel","_links":{"self":[{"href":"https:\/\/lucas-filmfestival.de\/en\/wp-json\/wp\/v2\/posts\/28984","targetHints":{"allow":["GET"]}}],"collection":[{"href":"https:\/\/lucas-filmfestival.de\/en\/wp-json\/wp\/v2\/posts"}],"about":[{"href":"https:\/\/lucas-filmfestival.de\/en\/wp-json\/wp\/v2\/types\/post"}],"author":[{"embeddable":true,"href":"https:\/\/lucas-filmfestival.de\/en\/wp-json\/wp\/v2\/users\/39"}],"replies":[{"embeddable":true,"href":"https:\/\/lucas-filmfestival.de\/en\/wp-json\/wp\/v2\/comments?post=28984"}],"version-history":[{"count":5,"href":"https:\/\/lucas-filmfestival.de\/en\/wp-json\/wp\/v2\/posts\/28984\/revisions"}],"predecessor-version":[{"id":29114,"href":"https:\/\/lucas-filmfestival.de\/en\/wp-json\/wp\/v2\/posts\/28984\/revisions\/29114"}],"wp:attachment":[{"href":"https:\/\/lucas-filmfestival.de\/en\/wp-json\/wp\/v2\/media?parent=28984"}],"wp:term":[{"taxonomy":"category","embeddable":true,"href":"https:\/\/lucas-filmfestival.de\/en\/wp-json\/wp\/v2\/categories?post=28984"},{"taxonomy":"post_tag","embeddable":true,"href":"https:\/\/lucas-filmfestival.de\/en\/wp-json\/wp\/v2\/tags?post=28984"}],"curies":[{"name":"wp","href":"https:\/\/api.w.org\/{rel}","templated":true}]}}