{"id":29280,"date":"2026-08-31T14:14:25","date_gmt":"2026-08-31T14:14:25","guid":{"rendered":"https:\/\/lucas-filmfestival.de\/schulkinotage-understanding-history-shaping-the-future\/"},"modified":"2026-08-31T16:29:07","modified_gmt":"2026-08-31T16:29:07","slug":"schulkinotage-2026","status":"publish","type":"post","link":"https:\/\/lucas-filmfestival.de\/en\/schulkinotage-2026\/","title":{"rendered":"SchulKinoTage: Understanding History, Shaping the Future"},"content":{"rendered":"<div class=\"wpb-content-wrapper\"><p>[vc_row][vc_column][vc_single_image image=\u201c29248\u201d img_size=\u201c1920x1080\u201d alignment=\u201ccenter\u201d][\/vc_column][\/vc_row][vc_row][vc_column][vc_column_text css=\u201d.vc_custom_1788193606614{margin-left: \u20114px !important;}\u201d]<\/p>\n<h1>SchulKinoTage: Understanding History, Shaping the Future<\/h1>\n<p>In various German fede\u00adral sta\u00adtes, sta\u00adte elec\u00adtions in September could lead to dra\u00adstic chan\u00adges in edu\u00adca\u00adti\u00adon, cul\u00adtu\u00adre, and fun\u00adding poli\u00adci\u00ades. These include, for exam\u00adp\u00adle, res\u00adtruc\u00adtu\u00adring of cur\u00adri\u00adcu\u00adla regar\u00adding the cul\u00adtu\u00adre of remem\u00adbrance, a stron\u00adger empha\u00adsis on natio\u00adnal iden\u00adti\u00adty, and the rea\u00adlignment or reduc\u00adtion of fun\u00adding for indi\u00advi\u00addu\u00adal demo\u00adcra\u00adcy, diver\u00adsi\u00adty, or inte\u00adgra\u00adti\u00adon pro\u00adjects. These deve\u00adlo\u00adp\u00adments rai\u00adse fun\u00adda\u00admen\u00adtal ques\u00adti\u00adons about the self-con\u00adcep\u00adti\u00adon of a demo\u00adcra\u00adtic socie\u00adty. A look into the National Socialist past can help to cri\u00adti\u00adcal\u00adly reflect on poli\u00adti\u00adcal deve\u00adlo\u00adp\u00adments and to keep the importance of human rights, demo\u00adcra\u00adtic values, and social diver\u00adsi\u00adty in&nbsp;mind.<\/p>\n<p>The SchulKinoTage in Hessia aim to encou\u00adra\u00adge young peo\u00adp\u00adle to enga\u00adge with the past and, abo\u00adve all, to con\u00adnect it with the pre\u00adsent and their own lived rea\u00adli\u00adty. To build this bridge, a cura\u00adted pro\u00adgram of his\u00adto\u00adri\u00adcal archi\u00adve films and cur\u00adrent pro\u00adduc\u00adtions will be shown. The goal is to open up new per\u00adspec\u00adti\u00adves for young peo\u00adp\u00adle through films they rare\u00adly encoun\u00adter in their ever\u00ady\u00adday lives, to break down ent\u00adren\u00adched thought pat\u00adterns, and to sti\u00admu\u00adla\u00adte reflection.<\/p>\n<p><strong>Please note: <\/strong><\/p>\n<ul>\n<li>Admission: 7 Euros per person<\/li>\n<li>Duration: enti\u00adre school morning<\/li>\n<li>Age: from gra\u00adde&nbsp;9<\/li>\n<li>Individual film boo\u00adkings are not possible.<\/li>\n<li>Participation in the accom\u00adpany\u00ading dis\u00adcus\u00adsions is mandatory.<\/li>\n<\/ul>\n<p>[\/vc_column_text][vc_btn title=\u201cMore about the pro\u00adject\u201d color=\u201cinfo\u201d size=\u201clg\u201d link=\u201curl:https%3A%2F%2Fwww.schulkinowochen-hessen.de%2Fallgemein%2Fschulkinotage%2F|title:More%20information|target:_blank|\u201d][\/vc_column][\/vc_row][vc_row][vc_column][vc_empty_space][vc_column_text]Click here for the pro\u00adgram and tickets:[\/vc_column_text][vc_basic_grid post_type=\u201cfilm-2026\u201d max_items=\u201c-1\u201d item=\u201c115\u201d grid_id=\u201cvc_gid:1788193592061\u201316117da0-c088\u20117\u201d taxonomies=\u201c587\u201d][\/vc_column][\/vc_row]<\/p>\n<\/div>","protected":false},"excerpt":{"rendered":"<p>When? THU, Oct. 1 | 8.45 a.m.<br>\nWhere? DFF Cinema&nbsp;<\/p>\n","protected":false},"author":19,"featured_media":29248,"comment_status":"closed","ping_status":"closed","sticky":false,"template":"","format":"standard","meta":{"_lmt_disableupdate":"no","_lmt_disable":"no","wp_typography_post_enhancements_disabled":false,"site-sidebar-layout":"default","site-content-layout":"default","ast-site-content-layout":"default","site-content-style":"default","site-sidebar-style":"default","ast-global-header-display":"","ast-banner-title-visibility":"","ast-main-header-display":"","ast-hfb-above-header-display":"","ast-hfb-below-header-display":"","ast-hfb-mobile-header-display":"","site-post-title":"disabled","ast-breadcrumbs-content":"","ast-featured-img":"","footer-sml-layout":"","ast-disable-related-posts":"","theme-transparent-header-meta":"default","adv-header-id-meta":"","stick-header-meta":"default","header-above-stick-meta":"","header-main-stick-meta":"","header-below-stick-meta":"","astra-migrate-meta-layouts":"set","ast-page-background-enabled":"default","ast-page-background-meta":{"desktop":{"background-color":"var(--ast-global-color-4)","background-image":"","background-repeat":"repeat","background-position":"center center","background-size":"auto","background-attachment":"scroll","background-type":"","background-media":"","overlay-type":"","overlay-color":"","overlay-opacity":"","overlay-gradient":""},"tablet":{"background-color":"","background-image":"","background-repeat":"repeat","background-position":"center center","background-size":"auto","background-attachment":"scroll","background-type":"","background-media":"","overlay-type":"","overlay-color":"","overlay-opacity":"","overlay-gradient":""},"mobile":{"background-color":"","background-image":"","background-repeat":"repeat","background-position":"center center","background-size":"auto","background-attachment":"scroll","background-type":"","background-media":"","overlay-type":"","overlay-color":"","overlay-opacity":"","overlay-gradient":""}},"ast-content-background-meta":{"desktop":{"background-color":"var(--ast-global-color-5)","background-image":"","background-repeat":"repeat","background-position":"center center","background-size":"auto","background-attachment":"scroll","background-type":"","background-media":"","overlay-type":"","overlay-color":"","overlay-opacity":"","overlay-gradient":""},"tablet":{"background-color":"var(--ast-global-color-5)","background-image":"","background-repeat":"repeat","background-position":"center center","background-size":"auto","background-attachment":"scroll","background-type":"","background-media":"","overlay-type":"","overlay-color":"","overlay-opacity":"","overlay-gradient":""},"mobile":{"background-color":"var(--ast-global-color-5)","background-image":"","background-repeat":"repeat","background-position":"center center","background-size":"auto","background-attachment":"scroll","background-type":"","background-media":"","overlay-type":"","overlay-color":"","overlay-opacity":"","overlay-gradient":""}},"footnotes":""},"categories":[319,149],"tags":[],"class_list":["post-29280","post","type-post","status-publish","format-standard","has-post-thumbnail","hentry","category-cooperation-en","category-news"],"yoast_head":"<!-- This site is optimized with the Yoast SEO plugin v28.1 - https:\/\/yoast.com\/product\/yoast-seo-wordpress\/ -->\n<title>SchulKinoTage: Understanding History, Shaping the Future - LUCAS \u2013 Internationales Festival f\u00fcr junge Filmfans<\/title>\n<meta name=\"description\" content=\"The SchulKinoTage at the 49th LUCAS Film Festival: September 24 to October 1, 2026, in cinemas in Frankfurt, Offenbach, Wiesbaden and Bad Homburg.\" \/>\n<meta name=\"robots\" content=\"index, follow, max-snippet:-1, max-image-preview:large, max-video-preview:-1\" \/>\n<link rel=\"canonical\" href=\"https:\/\/lucas-filmfestival.de\/en\/schulkinotage-2026\/\" \/>\n<meta property=\"og:locale\" content=\"en_US\" \/>\n<meta property=\"og:type\" content=\"article\" \/>\n<meta property=\"og:title\" content=\"SchulKinoTage: Understanding History, Shaping the Future - LUCAS \u2013 Internationales Festival f\u00fcr junge Filmfans\" \/>\n<meta property=\"og:description\" content=\"The SchulKinoTage at the 49th LUCAS Film Festival: September 24 to October 1, 2026, in cinemas in Frankfurt, Offenbach, Wiesbaden and Bad Homburg.\" \/>\n<meta property=\"og:url\" content=\"https:\/\/lucas-filmfestival.de\/en\/schulkinotage-2026\/\" \/>\n<meta property=\"og:site_name\" content=\"LUCAS \u2013 Internationales Festival f\u00fcr junge Filmfans\" \/>\n<meta property=\"article:published_time\" content=\"2026-08-31T14:14:25+00:00\" \/>\n<meta property=\"article:modified_time\" content=\"2026-08-31T16:29:07+00:00\" \/>\n<meta property=\"og:image\" content=\"https:\/\/lucas-filmfestival.de\/medien\/2026\/08\/DIE-WELLE.jpg\" \/>\n\t<meta property=\"og:image:width\" content=\"1920\" \/>\n\t<meta property=\"og:image:height\" content=\"1080\" \/>\n\t<meta property=\"og:image:type\" content=\"image\/jpeg\" \/>\n<meta name=\"author\" content=\"Katharina Popp\" \/>\n<meta name=\"twitter:card\" content=\"summary_large_image\" \/>\n<meta name=\"twitter:label1\" content=\"Written by\" \/>\n\t<meta name=\"twitter:data1\" content=\"Katharina Popp\" \/>\n\t<meta name=\"twitter:label2\" content=\"Est. reading time\" \/>\n\t<meta name=\"twitter:data2\" content=\"2 minutes\" \/>\n<script type=\"application\/ld+json\" class=\"yoast-schema-graph\">{\"@context\":\"https:\\\/\\\/schema.org\",\"@graph\":[{\"@type\":\"Article\",\"@id\":\"https:\\\/\\\/lucas-filmfestival.de\\\/en\\\/schulkinotage-2026\\\/#article\",\"isPartOf\":{\"@id\":\"https:\\\/\\\/lucas-filmfestival.de\\\/en\\\/schulkinotage-2026\\\/\"},\"author\":{\"name\":\"Katharina Popp\",\"@id\":\"https:\\\/\\\/lucas-filmfestival.de\\\/en\\\/#\\\/schema\\\/person\\\/7bfe798070ae903b9be13e736a44c360\"},\"headline\":\"SchulKinoTage: Understanding History, Shaping the Future\",\"datePublished\":\"2026-08-31T14:14:25+00:00\",\"dateModified\":\"2026-08-31T16:29:07+00:00\",\"mainEntityOfPage\":{\"@id\":\"https:\\\/\\\/lucas-filmfestival.de\\\/en\\\/schulkinotage-2026\\\/\"},\"wordCount\":315,\"publisher\":{\"@id\":\"https:\\\/\\\/lucas-filmfestival.de\\\/en\\\/#organization\"},\"image\":{\"@id\":\"https:\\\/\\\/lucas-filmfestival.de\\\/en\\\/schulkinotage-2026\\\/#primaryimage\"},\"thumbnailUrl\":\"https:\\\/\\\/lucas-filmfestival.de\\\/medien\\\/2026\\\/08\\\/DIE-WELLE.jpg\",\"articleSection\":[\"Cooperation\",\"News\"],\"inLanguage\":\"en-US\"},{\"@type\":\"WebPage\",\"@id\":\"https:\\\/\\\/lucas-filmfestival.de\\\/en\\\/schulkinotage-2026\\\/\",\"url\":\"https:\\\/\\\/lucas-filmfestival.de\\\/en\\\/schulkinotage-2026\\\/\",\"name\":\"SchulKinoTage: Understanding History, Shaping the Future - LUCAS \u2013 Internationales Festival f\u00fcr junge Filmfans\",\"isPartOf\":{\"@id\":\"https:\\\/\\\/lucas-filmfestival.de\\\/en\\\/#website\"},\"primaryImageOfPage\":{\"@id\":\"https:\\\/\\\/lucas-filmfestival.de\\\/en\\\/schulkinotage-2026\\\/#primaryimage\"},\"image\":{\"@id\":\"https:\\\/\\\/lucas-filmfestival.de\\\/en\\\/schulkinotage-2026\\\/#primaryimage\"},\"thumbnailUrl\":\"https:\\\/\\\/lucas-filmfestival.de\\\/medien\\\/2026\\\/08\\\/DIE-WELLE.jpg\",\"datePublished\":\"2026-08-31T14:14:25+00:00\",\"dateModified\":\"2026-08-31T16:29:07+00:00\",\"description\":\"The SchulKinoTage at the 49th LUCAS Film Festival: September 24 to October 1, 2026, in cinemas in Frankfurt, Offenbach, Wiesbaden and Bad Homburg.\",\"breadcrumb\":{\"@id\":\"https:\\\/\\\/lucas-filmfestival.de\\\/en\\\/schulkinotage-2026\\\/#breadcrumb\"},\"inLanguage\":\"en-US\",\"potentialAction\":[{\"@type\":\"ReadAction\",\"target\":[\"https:\\\/\\\/lucas-filmfestival.de\\\/en\\\/schulkinotage-2026\\\/\"]}]},{\"@type\":\"ImageObject\",\"inLanguage\":\"en-US\",\"@id\":\"https:\\\/\\\/lucas-filmfestival.de\\\/en\\\/schulkinotage-2026\\\/#primaryimage\",\"url\":\"https:\\\/\\\/lucas-filmfestival.de\\\/medien\\\/2026\\\/08\\\/DIE-WELLE.jpg\",\"contentUrl\":\"https:\\\/\\\/lucas-filmfestival.de\\\/medien\\\/2026\\\/08\\\/DIE-WELLE.jpg\",\"width\":1920,\"height\":1080,\"caption\":\"THE WAVE | Source: DFF\"},{\"@type\":\"BreadcrumbList\",\"@id\":\"https:\\\/\\\/lucas-filmfestival.de\\\/en\\\/schulkinotage-2026\\\/#breadcrumb\",\"itemListElement\":[{\"@type\":\"ListItem\",\"position\":1,\"name\":\"Home\",\"item\":\"https:\\\/\\\/lucas-filmfestival.de\\\/en\\\/\"},{\"@type\":\"ListItem\",\"position\":2,\"name\":\"SchulKinoTage: Understanding History, Shaping the Future\"}]},{\"@type\":\"WebSite\",\"@id\":\"https:\\\/\\\/lucas-filmfestival.de\\\/en\\\/#website\",\"url\":\"https:\\\/\\\/lucas-filmfestival.de\\\/en\\\/\",\"name\":\"LUCAS \u2013 Internationales Festival f\u00fcr junge Filmfans\",\"description\":\"Deutschlands \u00e4ltestes Filmfestival f\u00fcr junges Publikum. Das Programm richtet sich an alle von vier Jahren bis 18plus und pr\u00e4sentiert aktuelles internationales Filmschaffen \u2013 Spiel\u2011, Dokumentar\u2011, Animations- und Experimentalfilme. Herzst\u00fcck von LUCAS sind die Wettbewerbe in den Sektionen 8+, 13+ und 16+ | Youngsters.\",\"publisher\":{\"@id\":\"https:\\\/\\\/lucas-filmfestival.de\\\/en\\\/#organization\"},\"potentialAction\":[{\"@type\":\"SearchAction\",\"target\":{\"@type\":\"EntryPoint\",\"urlTemplate\":\"https:\\\/\\\/lucas-filmfestival.de\\\/en\\\/?s={search_term_string}\"},\"query-input\":{\"@type\":\"PropertyValueSpecification\",\"valueRequired\":true,\"valueName\":\"search_term_string\"}}],\"inLanguage\":\"en-US\"},{\"@type\":\"Organization\",\"@id\":\"https:\\\/\\\/lucas-filmfestival.de\\\/en\\\/#organization\",\"name\":\"LUCAS \u2013 Internationales Festival f\u00fcr junge Filmfans\",\"url\":\"https:\\\/\\\/lucas-filmfestival.de\\\/en\\\/\",\"logo\":{\"@type\":\"ImageObject\",\"inLanguage\":\"en-US\",\"@id\":\"https:\\\/\\\/lucas-filmfestival.de\\\/en\\\/#\\\/schema\\\/logo\\\/image\\\/\",\"url\":\"https:\\\/\\\/lucas-filmfestival.de\\\/medien\\\/2025\\\/05\\\/cropped-LucasLogo.jpg\",\"contentUrl\":\"https:\\\/\\\/lucas-filmfestival.de\\\/medien\\\/2025\\\/05\\\/cropped-LucasLogo.jpg\",\"width\":1090,\"height\":800,\"caption\":\"LUCAS \u2013 Internationales Festival f\u00fcr junge Filmfans\"},\"image\":{\"@id\":\"https:\\\/\\\/lucas-filmfestival.de\\\/en\\\/#\\\/schema\\\/logo\\\/image\\\/\"}},{\"@type\":\"Person\",\"@id\":\"https:\\\/\\\/lucas-filmfestival.de\\\/en\\\/#\\\/schema\\\/person\\\/7bfe798070ae903b9be13e736a44c360\",\"name\":\"Katharina Popp\",\"image\":{\"@type\":\"ImageObject\",\"inLanguage\":\"en-US\",\"@id\":\"https:\\\/\\\/secure.gravatar.com\\\/avatar\\\/fe3c8baaedc89fd8d6e27ad7ea9480e6eb64ce1ac6d461260b43485f0b49f3fa?s=96&d=mm&r=g\",\"url\":\"https:\\\/\\\/secure.gravatar.com\\\/avatar\\\/fe3c8baaedc89fd8d6e27ad7ea9480e6eb64ce1ac6d461260b43485f0b49f3fa?s=96&d=mm&r=g\",\"contentUrl\":\"https:\\\/\\\/secure.gravatar.com\\\/avatar\\\/fe3c8baaedc89fd8d6e27ad7ea9480e6eb64ce1ac6d461260b43485f0b49f3fa?s=96&d=mm&r=g\",\"caption\":\"Katharina Popp\"},\"url\":\"https:\\\/\\\/lucas-filmfestival.de\\\/en\\\/author\\\/kpopp\\\/\"}]}<\/script>\n<!-- \/ Yoast SEO plugin. -->","yoast_head_json":{"title":"SchulKinoTage: Understanding History, Shaping the Future - LUCAS \u2013 Internationales Festival f\u00fcr junge Filmfans","description":"The SchulKinoTage at the 49th LUCAS Film Festival: September 24 to October 1, 2026, in cinemas in Frankfurt, Offenbach, Wiesbaden and Bad Homburg.","robots":{"index":"index","follow":"follow","max-snippet":"max-snippet:-1","max-image-preview":"max-image-preview:large","max-video-preview":"max-video-preview:-1"},"canonical":"https:\/\/lucas-filmfestival.de\/en\/schulkinotage-2026\/","og_locale":"en_US","og_type":"article","og_title":"SchulKinoTage: Understanding History, Shaping the Future - LUCAS \u2013 Internationales Festival f\u00fcr junge Filmfans","og_description":"The SchulKinoTage at the 49th LUCAS Film Festival: September 24 to October 1, 2026, in cinemas in Frankfurt, Offenbach, Wiesbaden and Bad Homburg.","og_url":"https:\/\/lucas-filmfestival.de\/en\/schulkinotage-2026\/","og_site_name":"LUCAS \u2013 Internationales Festival f\u00fcr junge Filmfans","article_published_time":"2026-08-31T14:14:25+00:00","article_modified_time":"2026-08-31T16:29:07+00:00","og_image":[{"width":1920,"height":1080,"url":"https:\/\/lucas-filmfestival.de\/medien\/2026\/08\/DIE-WELLE.jpg","type":"image\/jpeg"}],"author":"Katharina Popp","twitter_card":"summary_large_image","twitter_misc":{"Written by":"Katharina Popp","Est. reading time":"2 minutes"},"schema":{"@context":"https:\/\/schema.org","@graph":[{"@type":"Article","@id":"https:\/\/lucas-filmfestival.de\/en\/schulkinotage-2026\/#article","isPartOf":{"@id":"https:\/\/lucas-filmfestival.de\/en\/schulkinotage-2026\/"},"author":{"name":"Katharina Popp","@id":"https:\/\/lucas-filmfestival.de\/en\/#\/schema\/person\/7bfe798070ae903b9be13e736a44c360"},"headline":"SchulKinoTage: Understanding History, Shaping the Future","datePublished":"2026-08-31T14:14:25+00:00","dateModified":"2026-08-31T16:29:07+00:00","mainEntityOfPage":{"@id":"https:\/\/lucas-filmfestival.de\/en\/schulkinotage-2026\/"},"wordCount":315,"publisher":{"@id":"https:\/\/lucas-filmfestival.de\/en\/#organization"},"image":{"@id":"https:\/\/lucas-filmfestival.de\/en\/schulkinotage-2026\/#primaryimage"},"thumbnailUrl":"https:\/\/lucas-filmfestival.de\/medien\/2026\/08\/DIE-WELLE.jpg","articleSection":["Cooperation","News"],"inLanguage":"en-US"},{"@type":"WebPage","@id":"https:\/\/lucas-filmfestival.de\/en\/schulkinotage-2026\/","url":"https:\/\/lucas-filmfestival.de\/en\/schulkinotage-2026\/","name":"SchulKinoTage: Understanding History, Shaping the Future - LUCAS \u2013 Internationales Festival f\u00fcr junge Filmfans","isPartOf":{"@id":"https:\/\/lucas-filmfestival.de\/en\/#website"},"primaryImageOfPage":{"@id":"https:\/\/lucas-filmfestival.de\/en\/schulkinotage-2026\/#primaryimage"},"image":{"@id":"https:\/\/lucas-filmfestival.de\/en\/schulkinotage-2026\/#primaryimage"},"thumbnailUrl":"https:\/\/lucas-filmfestival.de\/medien\/2026\/08\/DIE-WELLE.jpg","datePublished":"2026-08-31T14:14:25+00:00","dateModified":"2026-08-31T16:29:07+00:00","description":"The SchulKinoTage at the 49th LUCAS Film Festival: September 24 to October 1, 2026, in cinemas in Frankfurt, Offenbach, Wiesbaden and Bad Homburg.","breadcrumb":{"@id":"https:\/\/lucas-filmfestival.de\/en\/schulkinotage-2026\/#breadcrumb"},"inLanguage":"en-US","potentialAction":[{"@type":"ReadAction","target":["https:\/\/lucas-filmfestival.de\/en\/schulkinotage-2026\/"]}]},{"@type":"ImageObject","inLanguage":"en-US","@id":"https:\/\/lucas-filmfestival.de\/en\/schulkinotage-2026\/#primaryimage","url":"https:\/\/lucas-filmfestival.de\/medien\/2026\/08\/DIE-WELLE.jpg","contentUrl":"https:\/\/lucas-filmfestival.de\/medien\/2026\/08\/DIE-WELLE.jpg","width":1920,"height":1080,"caption":"THE WAVE | Source: DFF"},{"@type":"BreadcrumbList","@id":"https:\/\/lucas-filmfestival.de\/en\/schulkinotage-2026\/#breadcrumb","itemListElement":[{"@type":"ListItem","position":1,"name":"Home","item":"https:\/\/lucas-filmfestival.de\/en\/"},{"@type":"ListItem","position":2,"name":"SchulKinoTage: Understanding History, Shaping the Future"}]},{"@type":"WebSite","@id":"https:\/\/lucas-filmfestival.de\/en\/#website","url":"https:\/\/lucas-filmfestival.de\/en\/","name":"LUCAS \u2013 Internationales Festival f\u00fcr junge Filmfans","description":"Deutschlands \u00e4ltestes Filmfestival f\u00fcr junges Publikum. Das Programm richtet sich an alle von vier Jahren bis 18plus und pr\u00e4sentiert aktuelles internationales Filmschaffen \u2013 Spiel\u2011, Dokumentar\u2011, Animations- und Experimentalfilme. Herzst\u00fcck von LUCAS sind die Wettbewerbe in den Sektionen 8+, 13+ und 16+ | Youngsters.","publisher":{"@id":"https:\/\/lucas-filmfestival.de\/en\/#organization"},"potentialAction":[{"@type":"SearchAction","target":{"@type":"EntryPoint","urlTemplate":"https:\/\/lucas-filmfestival.de\/en\/?s={search_term_string}"},"query-input":{"@type":"PropertyValueSpecification","valueRequired":true,"valueName":"search_term_string"}}],"inLanguage":"en-US"},{"@type":"Organization","@id":"https:\/\/lucas-filmfestival.de\/en\/#organization","name":"LUCAS \u2013 Internationales Festival f\u00fcr junge Filmfans","url":"https:\/\/lucas-filmfestival.de\/en\/","logo":{"@type":"ImageObject","inLanguage":"en-US","@id":"https:\/\/lucas-filmfestival.de\/en\/#\/schema\/logo\/image\/","url":"https:\/\/lucas-filmfestival.de\/medien\/2025\/05\/cropped-LucasLogo.jpg","contentUrl":"https:\/\/lucas-filmfestival.de\/medien\/2025\/05\/cropped-LucasLogo.jpg","width":1090,"height":800,"caption":"LUCAS \u2013 Internationales Festival f\u00fcr junge Filmfans"},"image":{"@id":"https:\/\/lucas-filmfestival.de\/en\/#\/schema\/logo\/image\/"}},{"@type":"Person","@id":"https:\/\/lucas-filmfestival.de\/en\/#\/schema\/person\/7bfe798070ae903b9be13e736a44c360","name":"Katharina Popp","image":{"@type":"ImageObject","inLanguage":"en-US","@id":"https:\/\/secure.gravatar.com\/avatar\/fe3c8baaedc89fd8d6e27ad7ea9480e6eb64ce1ac6d461260b43485f0b49f3fa?s=96&d=mm&r=g","url":"https:\/\/secure.gravatar.com\/avatar\/fe3c8baaedc89fd8d6e27ad7ea9480e6eb64ce1ac6d461260b43485f0b49f3fa?s=96&d=mm&r=g","contentUrl":"https:\/\/secure.gravatar.com\/avatar\/fe3c8baaedc89fd8d6e27ad7ea9480e6eb64ce1ac6d461260b43485f0b49f3fa?s=96&d=mm&r=g","caption":"Katharina Popp"},"url":"https:\/\/lucas-filmfestival.de\/en\/author\/kpopp\/"}]}},"modified_by":"Katharina Popp","_links":{"self":[{"href":"https:\/\/lucas-filmfestival.de\/en\/wp-json\/wp\/v2\/posts\/29280","targetHints":{"allow":["GET"]}}],"collection":[{"href":"https:\/\/lucas-filmfestival.de\/en\/wp-json\/wp\/v2\/posts"}],"about":[{"href":"https:\/\/lucas-filmfestival.de\/en\/wp-json\/wp\/v2\/types\/post"}],"author":[{"embeddable":true,"href":"https:\/\/lucas-filmfestival.de\/en\/wp-json\/wp\/v2\/users\/19"}],"replies":[{"embeddable":true,"href":"https:\/\/lucas-filmfestival.de\/en\/wp-json\/wp\/v2\/comments?post=29280"}],"version-history":[{"count":5,"href":"https:\/\/lucas-filmfestival.de\/en\/wp-json\/wp\/v2\/posts\/29280\/revisions"}],"predecessor-version":[{"id":29347,"href":"https:\/\/lucas-filmfestival.de\/en\/wp-json\/wp\/v2\/posts\/29280\/revisions\/29347"}],"wp:featuredmedia":[{"embeddable":true,"href":"https:\/\/lucas-filmfestival.de\/en\/wp-json\/wp\/v2\/media\/29248"}],"wp:attachment":[{"href":"https:\/\/lucas-filmfestival.de\/en\/wp-json\/wp\/v2\/media?parent=29280"}],"wp:term":[{"taxonomy":"category","embeddable":true,"href":"https:\/\/lucas-filmfestival.de\/en\/wp-json\/wp\/v2\/categories?post=29280"},{"taxonomy":"post_tag","embeddable":true,"href":"https:\/\/lucas-filmfestival.de\/en\/wp-json\/wp\/v2\/tags?post=29280"}],"curies":[{"name":"wp","href":"https:\/\/api.w.org\/{rel}","templated":true}]}}